{"id":4053,"date":"2013-08-15T21:20:00","date_gmt":"2013-08-15T19:20:00","guid":{"rendered":"http:\/\/www.pit-unterwegs.de\/?p=4053"},"modified":"2013-08-16T15:47:16","modified_gmt":"2013-08-16T13:47:16","slug":"ein-tag-am-meer-rund-um-pors-poulhan","status":"publish","type":"post","link":"https:\/\/www.pit-unterwegs.de\/?p=4053","title":{"rendered":"Ein Tag am Meer: Rund um Pors-Poulhan"},"content":{"rendered":"<p>Sonnig, kaum Wind, bis 25\u00b0<\/p>\n<p>Nach dem Fr\u00fchst\u00fcck fahren wir mit zwei Autos \u00fcber Plozevet zun\u00e4chst zum Plage de Guendrez, wo wir unseren Wagen mit den Badesachen abstellen. Wir fahren weiter zum Ausgangspunkt der Wanderung (Rother Wanderung 33) bei Keristenvet.<\/p>\n<div id=\"attachment_4061\" style=\"width: 510px\" class=\"wp-caption alignnone\"><img loading=\"lazy\" decoding=\"async\" aria-describedby=\"caption-attachment-4061\" class=\"size-full wp-image-4061\" title=\"15_ausgang_0629\" src=\"http:\/\/www.pit-unterwegs.de\/wp-content\/uploads\/2013\/08\/15_ausgang_0629.jpg\" alt=\"\" width=\"500\" height=\"333\" srcset=\"https:\/\/www.pit-unterwegs.de\/wp-content\/uploads\/2013\/08\/15_ausgang_0629.jpg 500w, https:\/\/www.pit-unterwegs.de\/wp-content\/uploads\/2013\/08\/15_ausgang_0629-300x199.jpg 300w\" sizes=\"auto, (max-width: 500px) 100vw, 500px\" \/><p id=\"caption-attachment-4061\" class=\"wp-caption-text\">Ausgangspunkt der Wanderung<\/p><\/div>\n<p>Ab jetzt geht es \u00fcber den GR 34 immer am Meer entlang. Einige wenige Privatleute haben den Durchgang vor ihren Grundst\u00fccken gesperrt, so dass man kurz auf der Stra\u00dfe weiter gehen muss.<\/p>\n<div id=\"attachment_4064\" style=\"width: 510px\" class=\"wp-caption alignnone\"><img loading=\"lazy\" decoding=\"async\" aria-describedby=\"caption-attachment-4064\" class=\"size-full wp-image-4064\" title=\"15_grMauer_0632\" src=\"http:\/\/www.pit-unterwegs.de\/wp-content\/uploads\/2013\/08\/15_grMauer_0632.jpg\" alt=\"\" width=\"500\" height=\"333\" srcset=\"https:\/\/www.pit-unterwegs.de\/wp-content\/uploads\/2013\/08\/15_grMauer_0632.jpg 500w, https:\/\/www.pit-unterwegs.de\/wp-content\/uploads\/2013\/08\/15_grMauer_0632-300x199.jpg 300w\" sizes=\"auto, (max-width: 500px) 100vw, 500px\" \/><p id=\"caption-attachment-4064\" class=\"wp-caption-text\">Alte Grundst\u00fccksmauern am GR 34<\/p><\/div>\n<div id=\"attachment_4063\" style=\"width: 510px\" class=\"wp-caption alignnone\"><img loading=\"lazy\" decoding=\"async\" aria-describedby=\"caption-attachment-4063\" class=\"size-full wp-image-4063\" title=\"15_boot_kormoran_0638\" src=\"http:\/\/www.pit-unterwegs.de\/wp-content\/uploads\/2013\/08\/15_boot_kormoran_0638.jpg\" alt=\"\" width=\"500\" height=\"281\" srcset=\"https:\/\/www.pit-unterwegs.de\/wp-content\/uploads\/2013\/08\/15_boot_kormoran_0638.jpg 500w, https:\/\/www.pit-unterwegs.de\/wp-content\/uploads\/2013\/08\/15_boot_kormoran_0638-300x168.jpg 300w\" sizes=\"auto, (max-width: 500px) 100vw, 500px\" \/><p id=\"caption-attachment-4063\" class=\"wp-caption-text\">Noch etwas dunstig am Horizont<\/p><\/div>\n<div id=\"attachment_4066\" style=\"width: 510px\" class=\"wp-caption alignnone\"><img loading=\"lazy\" decoding=\"async\" aria-describedby=\"caption-attachment-4066\" class=\"size-full wp-image-4066\" title=\"15_kontraste_strand_0639\" src=\"http:\/\/www.pit-unterwegs.de\/wp-content\/uploads\/2013\/08\/15_kontraste_strand_0639.jpg\" alt=\"\" width=\"500\" height=\"327\" srcset=\"https:\/\/www.pit-unterwegs.de\/wp-content\/uploads\/2013\/08\/15_kontraste_strand_0639.jpg 500w, https:\/\/www.pit-unterwegs.de\/wp-content\/uploads\/2013\/08\/15_kontraste_strand_0639-300x196.jpg 300w\" sizes=\"auto, (max-width: 500px) 100vw, 500px\" \/><p id=\"caption-attachment-4066\" class=\"wp-caption-text\">Phantastische Kontraste<\/p><\/div>\n<p>Sehr sch\u00f6ne Kontraste zwischen dem t\u00fcrkisfarbenen Wasser, den dunklen Felsen und dem strahlend blauen Himmel.<\/p>\n<blockquote><p>Schweinchen Schlau: Unterwegs einige alte Seetang-\u00d6fen (fours a goemon), das sind Steinrinnen, in denen die Bewohner im Herbst fr\u00fcher Seetang verbrannten. Zun\u00e4chst als D\u00fcnger verwendet, wurde sp\u00e4ter die antseptische Wirkung der jodhaltigen Algen entdeckt. Ab da wurde der Ascheresthaufen an Jodfabriken verkauft, die daraus Antiseptika herstellten.<\/p><\/blockquote>\n<div id=\"attachment_4068\" style=\"width: 510px\" class=\"wp-caption alignnone\"><img loading=\"lazy\" decoding=\"async\" aria-describedby=\"caption-attachment-4068\" class=\"size-full wp-image-4068\" title=\"15_port_poulhan_0648\" src=\"http:\/\/www.pit-unterwegs.de\/wp-content\/uploads\/2013\/08\/15_port_poulhan_0648.jpg\" alt=\"\" width=\"500\" height=\"324\" srcset=\"https:\/\/www.pit-unterwegs.de\/wp-content\/uploads\/2013\/08\/15_port_poulhan_0648.jpg 500w, https:\/\/www.pit-unterwegs.de\/wp-content\/uploads\/2013\/08\/15_port_poulhan_0648-300x194.jpg 300w\" sizes=\"auto, (max-width: 500px) 100vw, 500px\" \/><p id=\"caption-attachment-4068\" class=\"wp-caption-text\">Port Poulhan: Mittgaszeit<\/p><\/div>\n<div id=\"attachment_4060\" style=\"width: 510px\" class=\"wp-caption alignnone\"><img loading=\"lazy\" decoding=\"async\" aria-describedby=\"caption-attachment-4060\" class=\"size-full wp-image-4060\" title=\"15_allee_0655\" src=\"http:\/\/www.pit-unterwegs.de\/wp-content\/uploads\/2013\/08\/15_allee_0655.jpg\" alt=\"\" width=\"500\" height=\"333\" srcset=\"https:\/\/www.pit-unterwegs.de\/wp-content\/uploads\/2013\/08\/15_allee_0655.jpg 500w, https:\/\/www.pit-unterwegs.de\/wp-content\/uploads\/2013\/08\/15_allee_0655-300x199.jpg 300w\" sizes=\"auto, (max-width: 500px) 100vw, 500px\" \/><p id=\"caption-attachment-4060\" class=\"wp-caption-text\">Allee couverte oberhalb Poulhan<\/p><\/div>\n<p>Ab Port Poulhan bzw. der Allee couverte oberhalb des Hafens informieren Infotafeln \u00fcber das Neolithikum &#8211; bereits vor \u00fcber 465.000 Jahren sollen hier Vor-Steinzeitige in einer H\u00f6hle am Meer (arch\u00e4ologische Ausgrabungen) bereits das Feuer benutzt haben. (Kann das stimmen? Die Bretonen waren ja in allem der Zeit immer weit voraus :-)) <a href=\"http:\/\/www.academia.edu\/3242244\/New_data_on_the_Lower_Palaeolithic_site_of_Menez-Dregan_I_Plouhinec_Finistere_France_the_2009_to_2012_excavations\" target=\"_blank\">Zum Nachlesen ein PDF-Link<\/a><\/p>\n<div id=\"attachment_4067\" style=\"width: 510px\" class=\"wp-caption alignnone\"><img loading=\"lazy\" decoding=\"async\" aria-describedby=\"caption-attachment-4067\" class=\"size-full wp-image-4067\" title=\"15_picknick_0663\" src=\"http:\/\/www.pit-unterwegs.de\/wp-content\/uploads\/2013\/08\/15_picknick_0663.jpg\" alt=\"\" width=\"500\" height=\"378\" srcset=\"https:\/\/www.pit-unterwegs.de\/wp-content\/uploads\/2013\/08\/15_picknick_0663.jpg 500w, https:\/\/www.pit-unterwegs.de\/wp-content\/uploads\/2013\/08\/15_picknick_0663-300x226.jpg 300w\" sizes=\"auto, (max-width: 500px) 100vw, 500px\" \/><p id=\"caption-attachment-4067\" class=\"wp-caption-text\">Zeit f\u00fcr&#39;s Picknick<\/p><\/div>\n<div id=\"attachment_4069\" style=\"width: 510px\" class=\"wp-caption alignnone\"><img loading=\"lazy\" decoding=\"async\" aria-describedby=\"caption-attachment-4069\" class=\"size-full wp-image-4069\" title=\"15_steinmann_0660\" src=\"http:\/\/www.pit-unterwegs.de\/wp-content\/uploads\/2013\/08\/15_steinmann_0660.jpg\" alt=\"\" width=\"500\" height=\"330\" srcset=\"https:\/\/www.pit-unterwegs.de\/wp-content\/uploads\/2013\/08\/15_steinmann_0660.jpg 500w, https:\/\/www.pit-unterwegs.de\/wp-content\/uploads\/2013\/08\/15_steinmann_0660-300x198.jpg 300w\" sizes=\"auto, (max-width: 500px) 100vw, 500px\" \/><p id=\"caption-attachment-4069\" class=\"wp-caption-text\">Gar nicht so einfach die Kiesel in Gleichgewicht zu bringen<\/p><\/div>\n<p>An einem kleinen Kiesstrand machen wir Picknick und marschieren dann weiter bis zur Pointe de Souc&#8217;h.<\/p>\n<div id=\"attachment_4065\" style=\"width: 510px\" class=\"wp-caption alignnone\"><img loading=\"lazy\" decoding=\"async\" aria-describedby=\"caption-attachment-4065\" class=\"size-full wp-image-4065\" title=\"15_kontraste_0642\" src=\"http:\/\/www.pit-unterwegs.de\/wp-content\/uploads\/2013\/08\/15_kontraste_0642.jpg\" alt=\"\" width=\"500\" height=\"326\" srcset=\"https:\/\/www.pit-unterwegs.de\/wp-content\/uploads\/2013\/08\/15_kontraste_0642.jpg 500w, https:\/\/www.pit-unterwegs.de\/wp-content\/uploads\/2013\/08\/15_kontraste_0642-300x195.jpg 300w\" sizes=\"auto, (max-width: 500px) 100vw, 500px\" \/><p id=\"caption-attachment-4065\" class=\"wp-caption-text\">Was soll man da noch sagen?<\/p><\/div>\n<div id=\"attachment_4070\" style=\"width: 510px\" class=\"wp-caption alignnone\"><img loading=\"lazy\" decoding=\"async\" aria-describedby=\"caption-attachment-4070\" class=\"size-full wp-image-4070\" title=\"15_zaun_meer_0668\" src=\"http:\/\/www.pit-unterwegs.de\/wp-content\/uploads\/2013\/08\/15_zaun_meer_0668.jpg\" alt=\"\" width=\"500\" height=\"333\" srcset=\"https:\/\/www.pit-unterwegs.de\/wp-content\/uploads\/2013\/08\/15_zaun_meer_0668.jpg 500w, https:\/\/www.pit-unterwegs.de\/wp-content\/uploads\/2013\/08\/15_zaun_meer_0668-300x199.jpg 300w\" sizes=\"auto, (max-width: 500px) 100vw, 500px\" \/><p id=\"caption-attachment-4070\" class=\"wp-caption-text\">Direkt dahinter der Strand<\/p><\/div>\n<p>Direkt dahinter beginnt der Plage de Guendrez: Badesachen holen und ab ins Wasser. Sehr erfrischend!<\/p>\n<div id=\"attachment_4062\" style=\"width: 510px\" class=\"wp-caption alignnone\"><img loading=\"lazy\" decoding=\"async\" aria-describedby=\"caption-attachment-4062\" class=\"size-full wp-image-4062\" title=\"15_baden_0667\" src=\"http:\/\/www.pit-unterwegs.de\/wp-content\/uploads\/2013\/08\/15_baden_0667.jpg\" alt=\"\" width=\"500\" height=\"327\" srcset=\"https:\/\/www.pit-unterwegs.de\/wp-content\/uploads\/2013\/08\/15_baden_0667.jpg 500w, https:\/\/www.pit-unterwegs.de\/wp-content\/uploads\/2013\/08\/15_baden_0667-300x196.jpg 300w\" sizes=\"auto, (max-width: 500px) 100vw, 500px\" \/><p id=\"caption-attachment-4062\" class=\"wp-caption-text\">Ab ins Wasser!<\/p><\/div>\n<p>Alles in allem haben wir 7.5 km in 1Std. 45 Gehzeit zur\u00fcck gelegt.<\/p>\n<p>Nach ca. 1,5 Stunden haben wir genug Sonne f\u00fcr heute. Auf dem gleichen Weg geht es zur\u00fcck nach Saint Gu\u00e9nol\u00e9. Kaffee im Garten, in der Sonne lesen, duschen und Koch-Vorbereitungen.<\/p>\n<p><span style=\"font-size: 13px; line-height: 19px;\">Matthes und ich zaubern heute Merlan-Filet auf lauwarmem Champignon-Paprika-Gurken-Bett, Bandnudeln in Porree-Sahne gewendet und Creme caramel. \u00a0\u00a0<\/span><span style=\"font-size: 13px; line-height: 19px;\">\u00a0<\/span><\/p>\n","protected":false},"excerpt":{"rendered":"<p>Sonnig, kaum Wind, bis 25\u00b0 Nach dem Fr\u00fchst\u00fcck fahren wir mit zwei Autos \u00fcber Plozevet zun\u00e4chst zum Plage de Guendrez, wo wir unseren Wagen mit den Badesachen abstellen. Wir fahren weiter zum Ausgangspunkt der Wanderung (Rother Wanderung 33) bei Keristenvet. Ab jetzt geht es \u00fcber den GR 34 immer am Meer entlang. Einige wenige Privatleute [&hellip;]<\/p>\n","protected":false},"author":2,"featured_media":0,"comment_status":"closed","ping_status":"closed","sticky":false,"template":"","format":"standard","meta":{"footnotes":""},"categories":[607],"tags":[626,625],"class_list":["post-4053","post","type-post","status-publish","format-standard","hentry","category-2013-cornouaille-penmarch","tag-menez-dregan","tag-pors-poulhan","post-preview"],"_links":{"self":[{"href":"https:\/\/www.pit-unterwegs.de\/index.php?rest_route=\/wp\/v2\/posts\/4053","targetHints":{"allow":["GET"]}}],"collection":[{"href":"https:\/\/www.pit-unterwegs.de\/index.php?rest_route=\/wp\/v2\/posts"}],"about":[{"href":"https:\/\/www.pit-unterwegs.de\/index.php?rest_route=\/wp\/v2\/types\/post"}],"author":[{"embeddable":true,"href":"https:\/\/www.pit-unterwegs.de\/index.php?rest_route=\/wp\/v2\/users\/2"}],"replies":[{"embeddable":true,"href":"https:\/\/www.pit-unterwegs.de\/index.php?rest_route=%2Fwp%2Fv2%2Fcomments&post=4053"}],"version-history":[{"count":11,"href":"https:\/\/www.pit-unterwegs.de\/index.php?rest_route=\/wp\/v2\/posts\/4053\/revisions"}],"predecessor-version":[{"id":4072,"href":"https:\/\/www.pit-unterwegs.de\/index.php?rest_route=\/wp\/v2\/posts\/4053\/revisions\/4072"}],"wp:attachment":[{"href":"https:\/\/www.pit-unterwegs.de\/index.php?rest_route=%2Fwp%2Fv2%2Fmedia&parent=4053"}],"wp:term":[{"taxonomy":"category","embeddable":true,"href":"https:\/\/www.pit-unterwegs.de\/index.php?rest_route=%2Fwp%2Fv2%2Fcategories&post=4053"},{"taxonomy":"post_tag","embeddable":true,"href":"https:\/\/www.pit-unterwegs.de\/index.php?rest_route=%2Fwp%2Fv2%2Ftags&post=4053"}],"curies":[{"name":"wp","href":"https:\/\/api.w.org\/{rel}","templated":true}]}}